{"id":5267,"date":"2026-08-31T16:54:50","date_gmt":"2026-08-31T12:54:50","guid":{"rendered":"https:\/\/tipas.fr\/?p=5267"},"modified":"2026-08-31T16:54:54","modified_gmt":"2026-08-31T12:54:54","slug":"riviere-des-remparts-2026-2","status":"publish","type":"post","link":"https:\/\/tipas.fr\/?p=5267","title":{"rendered":"Rivi\u00e8re des remparts 2026"},"content":{"rendered":"<!-- wp:themify-builder\/canvas \/-->\n\n\n<p class=\"wp-block-paragraph\"><\/p>\n","protected":false},"excerpt":{"rendered":"<p>Attention, vous devez renouveler votre licence 2027<\/p>\n","protected":false},"author":1,"featured_media":5122,"comment_status":"closed","ping_status":"closed","sticky":false,"template":"","format":"standard","meta":{"footnotes":""},"categories":[5,3],"tags":[],"class_list":["post-5267","post","type-post","status-publish","format-standard","has-post-thumbnail","category-descriptistifs","category-lesrandos","czr-hentry"],"gutentor_comment":0,"builder_content":"<a href=\"https:\/\/tipas.fr\/\" > Button Text <\/a>\n<p style=\"text-align: left;\"><strong>Samedi 19\/09\/2026\u00a0: Rivi\u00e8re des Remparts \u2013 G\u00eete de Roche Plate<\/strong><\/p> <p style=\"text-align: left;\"><strong>Dimanche 20\/0920\/26\u00a0: Roche Plate \u2013 Parking du nez\u00a0 Boeuf<\/strong><\/p>\n<p>Attention \u00e0 partir de cette ann\u00e9e\u00a0<strong><mark>l<\/mark><\/strong><mark><strong>a licence 2026 \u00e0 la FFRP n\u2019est plus valable jusqu\u2019\u00e0 la fin de l\u2019ann\u00e9e 2026 et doit \u00eatre renouveler \u00e0 partir du 1er Septembre 2026<\/strong><\/mark><strong>.<\/strong><br>Voir paragraphe 7 Licence et adh\u00e9sion.\u00a0<\/p>\n<p>1- Fiche technique pour les 2 jours\u00a0<img role=\"img\" draggable=\"false\" src=\"https:\/\/s.w.org\/images\/core\/emoji\/17.0.2\/svg\/1f97e.svg\" alt=\"\ud83e\udd7e\"><\/p>\n<ul> <li>D\u00e9but de la randonn\u00e9e, Rivi\u00e8re des Remparts, plus bas sommet :&nbsp;<strong>148 m<\/strong><\/li> <li>Fin de la randonn\u00e9e, parking du Nez de Boeuf, plus haut sommet :&nbsp;<strong>2 074&nbsp; m<\/strong><\/li> <li>Balisage : GR \u2013 aucun balisage<\/li> <li>Niveau : Moyen \u2013 Bon marcheur<\/li> <li>Temps de marche avec pauses et repas : 8 heures par jour<\/li> <li>Nuit\u00e9e et repas du soir en g\u00eete + petit d\u00e9jeuner<\/li> <li>Transport : Bus<\/li> <\/ul>\n<img src=\"https:\/\/tipas.fr\/wp-content\/uploads\/2026\/08\/RDPNDB-2026-1.jpg\" title=\"RDPNDB 2026\" alt=\"\" srcset=\"https:\/\/tipas.fr\/wp-content\/uploads\/2026\/08\/RDPNDB-2026-1.jpg 258w, https:\/\/tipas.fr\/wp-content\/uploads\/2026\/08\/RDPNDB-2026-1-184x300.jpg 184w\" sizes=\"(max-width: 258px) 100vw, 258px\" \/>\n<p>&nbsp;<\/p> <p>&nbsp;<strong style=\"font-family: tahoma, arial, helvetica, sans-serif; font-size: 14pt; background-color: inherit; text-align: inherit;\"><u>2- Notre Week End&nbsp;<\/u><\/strong><\/p> <p style=\"padding-left: 40px;\"><strong>Samedi 19\/09\/2026 : Rivi\u00e8re des Remparts (148 m) \u2013 G\u00eete de Roche Plate (734 m)<\/strong><\/p> <p>Apr\u00e8s que bus nous ai d\u00e9pos\u00e9 \u00e0 la carri\u00e8re au d\u00e9but de la piste, dans la rivi\u00e8re des remparts, nous entamerons la mont\u00e9e dans le lit de la rivi\u00e8re des remparts sur du sable et du gravier. Quelques fois nous avons l\u2019impression de ne pas avancer dans le sable qui ralentit nos pas. Le soleil tape sur nos t\u00eates \u00e9tant donn\u00e9 que nous marchons \u00e0 d\u00e9couvert.<\/p> <p>Apr\u00e8s 13 km dans le fond de la rivi\u00e8re, nous arrivons au barrage de Mahavel ou nous retrouvons la terre ferme. Il nous restera 2 km pour arriver au village de Roche Plate.<\/p> <p>Nous dormirons et dinerons au gite de Roche Plate chez Mme Morel.<\/p> <p style=\"padding-left: 40px;\"><strong>Dimanche 20\/0920\/26&nbsp;: Roche Plate (734 m) \u2013 Parking du nez&nbsp; Boeuf (2074 m)&nbsp;&nbsp;<\/strong><\/p> <p>Le lendemain apr\u00e8s le petit d\u00e9jeuner, nous entamerons notre mont\u00e9e vers le Nez de Boeuf.<\/p> <p>Arriv\u00e9 \u00e0 la premi\u00e8re intersection, nous ferons un d\u00e9tour vers Fond de Songe.<\/p> <p>Notre progression se fait \u00e0 travers de roches volcaniques et de branles, de goyaviers, sur des mont\u00e9es altern\u00e9es de plateaux jusqu\u2019\u00e0 Le Mapou, ou nous arrivons dans une belle for\u00eat de bois de couleurs touffue et humide.<\/p> <p>Il nous reste 500 m de d\u00e9nivel\u00e9 avec de hauts escaliers pour arriver au Nez de Boeuf<\/p> <p>Le bus nous attendra au sommet au parking pour le retour chez nous.&nbsp;<\/p>\n\n<p><strong>3- Mat\u00e9riel&nbsp;<\/strong><strong>individuel \u00e0 pr\u00e9voir<\/strong><\/p> <ul> <li style=\"list-style-type: none;\"> <ul> <li> <p>Une paire de baskets ou chaussures randonn\u00e9es&nbsp;OBLIGATOIRES<\/p> <\/li> <li> <p>Eau (1,5 l minimum), point d\u2019eau en gite<\/p> <\/li> <li> <p>Repas du samedi et dimanche midi&nbsp;: \u00e0 pr\u00e9voir<\/p> <\/li> <li> <p>Casquette ou chapeau + cr\u00e8me solaire : pr\u00e9voir de bien se couvrir pour se prot\u00e9ger du soleil<\/p> <\/li> <li> <p>K-Way ou imperm\u00e9able et v\u00eatements chauds&nbsp;<\/p> <\/li> <li> <p>Grignotage (chocolat, fruits secs\u2026)<\/p> <\/li> <li> <p>Maillot de bains, baignade possible dans la rivi\u00e8re<\/p> <\/li> <li> <p>Ap\u00e9ritif selon votre bon vouloir<\/p> <\/li> <li> <p>Lampe de poche + piles de rechange, couverture de survie, et sifflet OBLIGATOIRES&nbsp;<\/p> <\/li> <\/ul> <\/li> <\/ul>\n<p><strong>4- Rendez vous&nbsp;<img role=\"img\" draggable=\"false\" src=\"https:\/\/s.w.org\/images\/core\/emoji\/17.0.2\/svg\/231a.svg\" alt=\"\u231a\"><\/strong><\/p> <p>Rendez vous samedi 19\/09\/2026&nbsp;&nbsp;devant la m\u00e9diath\u00e8que Fran\u00e7ois Mitterrand, \u00e0 6 h, puis direction en bus vers le Burger King du Port \u00e0 6 h 30, puis le Burger King de Saint Gilles \u00e0 6 h 45.<br><strong>Dimanche 20\/09\/2026 le bus d\u00e9posera les adh\u00e9rents de l\u2019est en premier, puis ceux du nord et pour finir ceux de l\u2019ouest.<\/strong><\/p>\n<p><strong>5- Tarifs de la randonn\u00e9e&nbsp;<\/strong><\/p> <ul> <li>Adh\u00e9rents : 102 euros (65 euros g\u00eetes, 35 \u20ac bus, 2 \u20ac association)<\/li> <\/ul> <p>Non adh\u00e9rents : 112 euros (65 \u20ac nuit, d\u00eener et petit d\u00e9jeuner + 35 \u20ac bus + 10 \u20ac pass d\u00e9couverte + 2 \u20ac association)&nbsp;<\/p>\n<h5>6- Licence et adh\u00e9sion<\/h5> Comme indiqu\u00e9e plus haut, la licence \u00e0 la FFRP&nbsp; 2027 est obligatoire \u00e0 partir du 1er Septembre 2026. Quelque soit l\u2019association o\u00f9 vous serez, la notre ou une autre, vous ne pourrez pas randonner si vous n\u2019avez pas votre licence et votre adh\u00e9sion 2027.&nbsp; La licence FFRP 2027 est \u00e0 33 \u20ac et votre adh\u00e9sion \u00e0 tipas est \u00e0 27 \u20ac soit un total de 60 \u20ac, pour le paiement vous utiliserez le virement par <a href=\"https:\/\/tipas.fr\/wp-content\/uploads\/2025\/11\/RIB_ASSOC__P_TIT_PAS_P_TIT_PAS_NARRIVE_9955.jpg\" data-lb-type=\"grouped-post\">RIB<\/a>\n<h5>7- R\u00e8glements :<img style=\"vertical-align: -0.1em !important; border-width: medium !important;\" role=\"img\" draggable=\"false\" src=\"https:\/\/s.w.org\/images\/core\/emoji\/17.0.2\/svg\/1f4b0.svg\" alt=\"\ud83d\udcb0\"><\/h5> Pour les paiements, voici le lien pour le <a href=\"https:\/\/tipas.fr\/wp-content\/uploads\/2025\/11\/RIB_ASSOC__P_TIT_PAS_P_TIT_PAS_NARRIVE_9955.jpg\" data-lb-type=\"grouped-post\">RIB <\/a>de Tipas, merci pour la tr\u00e9sori\u00e8re :\n<ul style=\"margin: 0px;\"> <li>De faire un r\u00e8glement pour la sortie et un autre pour l\u2019adh\u00e9sion, pas de regroupement des r\u00e8glements.<\/li> <li>Attention depuis 2026, il vous est demand\u00e9 lors de votre r\u00e8glement pour l\u2019inscription de la randonn\u00e9e de pr\u00e9ciser comme libell\u00e9 :&nbsp;<\/li> <\/ul> <p style=\"margin-top: 1.25em; text-align: center;\">Pour la rando : Mois, Nom, initiale du pr\u00e9nom, donc pour cette randonn\u00e9e du mois de septembre (9\u00e8me mois de l\u2019ann\u00e9e) :<\/p> <p style=\"margin-top: 1.25em; text-align: center;\">09 (Nom initiale pr\u00e9nom), exemple : Moi je mettrai 09hoareaud<\/p> <p>En cas d\u2019impossibilit\u00e9 de votre banque de remplir le libell\u00e9, merci d\u2019envoyer un SMS \u00e0 la tr\u00e9sori\u00e8re (Daisy) au 0692 67 36 69.<\/p>\n<h5>8- Inscription :<img style=\"vertical-align: -0.1em !important; border-width: medium !important;\" role=\"img\" draggable=\"false\" src=\"https:\/\/s.w.org\/images\/core\/emoji\/17.0.2\/svg\/26a0.svg\" alt=\"\u26a0\ufe0f\"><\/h5> <p style=\"margin-top: 1.25em;\">Pour tous<mark> renseignements ou inscription<\/mark> veuillez appeler Jean-Marie au 0692 71 25 11<\/p> <p style=\"margin-top: 1.25em;\"><mark>Date limite de r\u00e8glement 5 Septembre<\/mark><\/p> <p style=\"margin-top: 1.25em;\">Les inscriptions se feront selon l\u2019ordre d\u2019arriv\u00e9e des virements<\/p> <p style=\"margin-top: 1.25em;\">Paiement par <a style=\"background-color: #ffff00;\" href=\"https:\/\/tipas.fr\/wp-content\/uploads\/2025\/11\/RIB_ASSOC__P_TIT_PAS_P_TIT_PAS_NARRIVE_9955.jpg\" data-lb-type=\"grouped-post\">virement<\/a> cliquez <a href=\"https:\/\/tipas.fr\/wp-content\/uploads\/2025\/11\/RIB_ASSOC__P_TIT_PAS_P_TIT_PAS_NARRIVE_9955.jpg\" data-lb-type=\"grouped-post\">ici<\/a> pour imprimer le <a href=\"https:\/\/tipas.fr\/wp-content\/uploads\/2025\/11\/RIB_ASSOC__P_TIT_PAS_P_TIT_PAS_NARRIVE_9955.jpg\" data-lb-type=\"grouped-post\">RIB<\/a> de Tipas)<\/p> <p style=\"margin-top: 1.25em;\">Le nombre de places est limit\u00e9<\/p>","_links":{"self":[{"href":"https:\/\/tipas.fr\/index.php?rest_route=\/wp\/v2\/posts\/5267","targetHints":{"allow":["GET"]}}],"collection":[{"href":"https:\/\/tipas.fr\/index.php?rest_route=\/wp\/v2\/posts"}],"about":[{"href":"https:\/\/tipas.fr\/index.php?rest_route=\/wp\/v2\/types\/post"}],"author":[{"embeddable":true,"href":"https:\/\/tipas.fr\/index.php?rest_route=\/wp\/v2\/users\/1"}],"replies":[{"embeddable":true,"href":"https:\/\/tipas.fr\/index.php?rest_route=%2Fwp%2Fv2%2Fcomments&post=5267"}],"version-history":[{"count":55,"href":"https:\/\/tipas.fr\/index.php?rest_route=\/wp\/v2\/posts\/5267\/revisions"}],"predecessor-version":[{"id":5327,"href":"https:\/\/tipas.fr\/index.php?rest_route=\/wp\/v2\/posts\/5267\/revisions\/5327"}],"wp:featuredmedia":[{"embeddable":true,"href":"https:\/\/tipas.fr\/index.php?rest_route=\/wp\/v2\/media\/5122"}],"wp:attachment":[{"href":"https:\/\/tipas.fr\/index.php?rest_route=%2Fwp%2Fv2%2Fmedia&parent=5267"}],"wp:term":[{"taxonomy":"category","embeddable":true,"href":"https:\/\/tipas.fr\/index.php?rest_route=%2Fwp%2Fv2%2Fcategories&post=5267"},{"taxonomy":"post_tag","embeddable":true,"href":"https:\/\/tipas.fr\/index.php?rest_route=%2Fwp%2Fv2%2Ftags&post=5267"}],"curies":[{"name":"wp","href":"https:\/\/api.w.org\/{rel}","templated":true}]}}